{"id":402,"date":"2026-02-20T22:20:54","date_gmt":"2026-02-20T22:20:54","guid":{"rendered":"https:\/\/diamondpublioficial.com.br\/sasafuzi\/?p=402"},"modified":"2026-03-27T19:50:28","modified_gmt":"2026-03-27T19:50:28","slug":"o-altar-do-dia-dos-mortos-memoria-cultura-e-representatividade-no-memorial-da-america-latina-2025","status":"publish","type":"post","link":"https:\/\/projetos.diamondpublioficial.com.br\/sasafuzi\/o-altar-do-dia-dos-mortos-memoria-cultura-e-representatividade-no-memorial-da-america-latina-2025\/","title":{"rendered":"O Altar do Dia dos Mortos: Mem\u00f3ria, Cultura e Representatividade no Memorial da Am\u00e9rica Latina 2025"},"content":{"rendered":"\n<p>O <strong><mark style=\"background-color:rgba(0, 0, 0, 0);color:#8b1e3f\" class=\"has-inline-color\">Dia dos Mortos<\/mark><\/strong> \u00e9 uma celebra\u00e7\u00e3o mexicana que ultrapassa o conceito tradicional de luto. \u00c9 um encontro entre mem\u00f3ria, afeto e ancestralidade.<\/p>\n\n\n\n<p>No Memorial da Am\u00e9rica Latina, em S\u00e3o Paulo, o evento da <strong><mark style=\"background-color:rgba(0, 0, 0, 0);color:#8b1e3f\" class=\"has-inline-color\">Art Shine eventos<\/mark><\/strong> re\u00fane visitantes todos os anos para vivenciar essa tradi\u00e7\u00e3o por meio de altares, exposi\u00e7\u00f5es e performances que conectam o p\u00fablico \u00e0 ess\u00eancia dessa cultura t\u00e3o simb\u00f3lica e rica.<\/p>\n\n\n\n<p>Entre os <strong><mark style=\"background-color:rgba(0, 0, 0, 0);color:#8b1e3f\" class=\"has-inline-color\">destaques de 2025<\/mark><\/strong>, um dos altares mais marcantes trouxe uma homenagem especial \u00e0s mulheres, aos povos ind\u00edgenas e \u00e0s comunidades afrodescendentes \u2014 representa\u00e7\u00f5es que carregam for\u00e7a hist\u00f3rica, resist\u00eancia e sensibilidade. Criado a pedido do <strong><mark style=\"background-color:rgba(0, 0, 0, 0);color:#8b1e3f\" class=\"has-inline-color\">Consulado do M\u00e9xico<\/mark><\/strong>, o altar foi elaborado com cuidado e profundo respeito \u00e0s ra\u00edzes dessa tradi\u00e7\u00e3o.<\/p>\n\n\n\n<figure class=\"wp-block-video\"><video height=\"478\" style=\"aspect-ratio: 848 \/ 478;\" width=\"848\" controls poster=\"https:\/\/projetos.diamondpublioficial.com.br\/sasafuzi\/wp-content\/uploads\/2026\/02\/Conheca-a-cultura-mexicana-scaled-1.jpg\" src=\"https:\/\/projetos.diamondpublioficial.com.br\/sasafuzi\/wp-content\/uploads\/2026\/02\/WhatsApp-Video-2025-11-18-at-21.22.40.mp4\"><\/video><\/figure>\n\n\n\n<p style=\"font-size:1.2em\"><strong><mark style=\"background-color:rgba(0, 0, 0, 0);color:#8b1e3f\" class=\"has-inline-color\">A for\u00e7a das mulheres eternizadas nos altares<\/mark><\/strong><\/p>\n\n\n\n<p>A montagem do altar celebrou n\u00e3o apenas familiares e pessoas queridas que j\u00e1 partiram, mas tamb\u00e9m 11 mulheres que marcaram a hist\u00f3ria com arte, coragem e express\u00e3o. <strong><mark style=\"background-color:rgba(0, 0, 0, 0);color:#8b1e3f\" class=\"has-inline-color\">Entre elas:<\/mark><\/strong><\/p>\n\n\n\n<p>Aurora Cursino dos Santos, artista paciente do Juquery<\/p>\n\n\n\n<p>Dete Carvalho, cantora<\/p>\n\n\n\n<p>Clara Nunes, refer\u00eancia da m\u00fasica brasileira<\/p>\n\n\n\n<p>Clarice Lispector, uma das escritoras mais influentes do pa\u00eds<\/p>\n\n\n\n<p>Comandanta Ramona, figura hist\u00f3rica mexicana<\/p>\n\n\n\n<p>Elza Soares, pot\u00eancia da m\u00fasica e da resist\u00eancia<\/p>\n\n\n\n<p>Eunice Paiva, defensora das causas ind\u00edgenas<\/p>\n\n\n\n<p>Frida Kahlo, \u00edcone mundial de arte e identidade<\/p>\n\n\n\n<p>Gal Costa, voz marcante da MPB<\/p>\n\n\n\n<p>Mercedes Sosa, cantora argentina de voz eterna<\/p>\n\n\n\n<p>Violeta Parra, compositora e artista pl\u00e1stica chilena<\/p>\n\n\n\n<p>Cada uma delas representa um aspecto essencial da experi\u00eancia humana: sensibilidade, luta, ancestralidade, express\u00e3o e transforma\u00e7\u00e3o. No altar, suas presen\u00e7as simbolizam a continuidade do legado feminino na cultura latino-americana.<\/p>\n\n\n\t\t<div data-elementor-type=\"section\" data-elementor-id=\"443\" class=\"elementor elementor-443\" data-elementor-post-type=\"elementor_library\">\n\t\t\t<div class=\"elementor-element elementor-element-c20a36f e-flex e-con-boxed e-con e-parent\" data-id=\"c20a36f\" data-element_type=\"container\" data-e-type=\"container\">\n\t\t\t\t\t<div class=\"e-con-inner\">\n\t\t\t\t<div class=\"elementor-element elementor-element-14a69ef elementor-widget elementor-widget-image-carousel\" data-id=\"14a69ef\" data-element_type=\"widget\" data-e-type=\"widget\" data-settings=\"{&quot;slides_to_show&quot;:&quot;1&quot;,&quot;navigation&quot;:&quot;none&quot;,&quot;autoplay&quot;:&quot;yes&quot;,&quot;pause_on_hover&quot;:&quot;yes&quot;,&quot;pause_on_interaction&quot;:&quot;yes&quot;,&quot;autoplay_speed&quot;:5000,&quot;infinite&quot;:&quot;yes&quot;,&quot;effect&quot;:&quot;slide&quot;,&quot;speed&quot;:500}\" data-widget_type=\"image-carousel.default\">\n\t\t\t\t\t\t\t<div class=\"elementor-image-carousel-wrapper swiper\" role=\"region\" aria-roledescription=\"carousel\" aria-label=\"Carrossel de imagens\" dir=\"ltr\">\n\t\t\t<div class=\"elementor-image-carousel swiper-wrapper\" aria-live=\"off\">\n\t\t\t\t\t\t\t\t<div class=\"swiper-slide\" role=\"group\" aria-roledescription=\"slide\" aria-label=\"1 de 9\"><figure class=\"swiper-slide-inner\"><img decoding=\"async\" class=\"swiper-slide-image\" src=\"https:\/\/projetos.diamondpublioficial.com.br\/sasafuzi\/wp-content\/uploads\/2026\/03\/7-scaled-1.jpg\" alt=\"7-scaled.jpg\" \/><\/figure><\/div><div class=\"swiper-slide\" role=\"group\" aria-roledescription=\"slide\" aria-label=\"2 de 9\"><figure class=\"swiper-slide-inner\"><img decoding=\"async\" class=\"swiper-slide-image\" src=\"https:\/\/projetos.diamondpublioficial.com.br\/sasafuzi\/wp-content\/uploads\/2026\/03\/9-scaled-1.jpg\" alt=\"9-scaled.jpg\" \/><\/figure><\/div><div class=\"swiper-slide\" role=\"group\" aria-roledescription=\"slide\" aria-label=\"3 de 9\"><figure class=\"swiper-slide-inner\"><img decoding=\"async\" class=\"swiper-slide-image\" src=\"https:\/\/projetos.diamondpublioficial.com.br\/sasafuzi\/wp-content\/uploads\/2026\/03\/6-scaled-1.jpg\" alt=\"6-scaled.jpg\" \/><\/figure><\/div><div class=\"swiper-slide\" role=\"group\" aria-roledescription=\"slide\" aria-label=\"4 de 9\"><figure class=\"swiper-slide-inner\"><img decoding=\"async\" class=\"swiper-slide-image\" src=\"https:\/\/projetos.diamondpublioficial.com.br\/sasafuzi\/wp-content\/uploads\/2026\/03\/8-scaled-1.jpg\" alt=\"8-scaled.jpg\" \/><\/figure><\/div><div class=\"swiper-slide\" role=\"group\" aria-roledescription=\"slide\" aria-label=\"5 de 9\"><figure class=\"swiper-slide-inner\"><img decoding=\"async\" class=\"swiper-slide-image\" src=\"https:\/\/projetos.diamondpublioficial.com.br\/sasafuzi\/wp-content\/uploads\/2026\/03\/4-scaled-1.jpg\" alt=\"4-scaled.jpg\" \/><\/figure><\/div><div class=\"swiper-slide\" role=\"group\" aria-roledescription=\"slide\" aria-label=\"6 de 9\"><figure class=\"swiper-slide-inner\"><img decoding=\"async\" class=\"swiper-slide-image\" src=\"https:\/\/projetos.diamondpublioficial.com.br\/sasafuzi\/wp-content\/uploads\/2026\/03\/10-scaled-1.jpg\" alt=\"10-scaled.jpg\" \/><\/figure><\/div><div class=\"swiper-slide\" role=\"group\" aria-roledescription=\"slide\" aria-label=\"7 de 9\"><figure class=\"swiper-slide-inner\"><img decoding=\"async\" class=\"swiper-slide-image\" src=\"https:\/\/projetos.diamondpublioficial.com.br\/sasafuzi\/wp-content\/uploads\/2026\/03\/5-scaled-1.jpg\" alt=\"5-scaled.jpg\" \/><\/figure><\/div><div class=\"swiper-slide\" role=\"group\" aria-roledescription=\"slide\" aria-label=\"8 de 9\"><figure class=\"swiper-slide-inner\"><img decoding=\"async\" class=\"swiper-slide-image\" src=\"https:\/\/projetos.diamondpublioficial.com.br\/sasafuzi\/wp-content\/uploads\/2026\/03\/3-scaled-1.jpg\" alt=\"3-scaled.jpg\" \/><\/figure><\/div><div class=\"swiper-slide\" role=\"group\" aria-roledescription=\"slide\" aria-label=\"9 de 9\"><figure class=\"swiper-slide-inner\"><img decoding=\"async\" class=\"swiper-slide-image\" src=\"https:\/\/projetos.diamondpublioficial.com.br\/sasafuzi\/wp-content\/uploads\/2026\/03\/2-scaled-1.jpg\" alt=\"2-scaled.jpg\" \/><\/figure><\/div>\t\t\t<\/div>\n\t\t\t\t\t\t\t\n\t\t\t\t\t\t\t\t\t<\/div>\n\t\t\t\t\t\t<\/div>\n\t\t\t\t\t<\/div>\n\t\t\t\t<\/div>\n\t\t\t\t<\/div>\n\t\t\n\n\n\n<p style=\"font-size:1.2em\"><strong><mark style=\"background-color:rgba(0, 0, 0, 0);color:#8b1e3f\" class=\"has-inline-color\">O significado profundo dos altares<\/mark><\/strong><\/p>\n\n\n\n<p>As velas iluminam o caminho das almas.<\/p>\n\n\n\n<p>As flores, especialmente a cempas\u00fachil, representam o ciclo da natureza.<\/p>\n\n\n\n<p>As fotos celebram hist\u00f3rias que continuam vivas.<\/p>\n\n\n\n<p>Os objetos pessoais contam lembran\u00e7as de quem partiu.<\/p>\n\n\n\n<p>As cores vibrantes mostram que a morte, dentro dessa tradi\u00e7\u00e3o, \u00e9 parte da vida.<\/p>\n\n\n\n<p>Construir um altar \u00e9 um gesto de amor e respeito. \u00c9 transformar saudade em presen\u00e7a, reconhecer as ra\u00edzes e agradecer pelos caminhos percorridos por quem veio antes.<\/p>\n\n\n\n<p style=\"font-size:1.2em\"><strong><mark style=\"background-color:rgba(0, 0, 0, 0);color:#8b1e3f\" class=\"has-inline-color\">Representatividade e ancestralidade<\/mark><\/strong><\/p>\n\n\n\n<p>A escolha por homenagear mulheres, povos ind\u00edgenas e afrodescendentes conecta o altar a uma discuss\u00e3o essencial: quem s\u00e3o as vozes que moldaram nossa hist\u00f3ria e, muitas vezes, n\u00e3o foram ouvidas?<\/p>\n\n\n\n<p>Essas homenagens s\u00e3o mais do que simb\u00f3licas \u2014 s\u00e3o atos de reconhecimento.<br>S\u00e3o maneiras de reafirmar a import\u00e2ncia dessas figuras na constru\u00e7\u00e3o cultural e art\u00edstica da Am\u00e9rica Latina.<\/p>\n\n\n\n<p style=\"font-size:1.2em\"><strong><mark style=\"background-color:rgba(0, 0, 0, 0);color:#8b1e3f\" class=\"has-inline-color\">A experi\u00eancia cultural vivida por Samantha<\/mark><\/strong><\/p>\n\n\n\n<p><strong><mark style=\"background-color:rgba(0, 0, 0, 0);color:#8b1e3f\" class=\"has-inline-color\">Samantha Fuzi <\/mark><\/strong>participa todos os anos do evento do Dia dos Mortos, vivenciando de perto a riqueza da cultura mexicana. Para ela, os altares n\u00e3o s\u00e3o apenas cen\u00e1rios \u2014 s\u00e3o manifesta\u00e7\u00f5es vivas de mem\u00f3ria, arte e espiritualidade.<\/p>\n\n\n\n<p>Ao visitar o Memorial, ela teve contato tanto com a montagem dos altares quanto com a exposi\u00e7\u00e3o das bonecas Catrinas, cada uma representando emo\u00e7\u00f5es e hist\u00f3rias \u00fanicas.<\/p>\n\n\n\n<p>Essa viv\u00eancia ampliou ainda mais sua conex\u00e3o com a personagem, com a est\u00e9tica e com o significado dessa tradi\u00e7\u00e3o.<\/p>\n\n\n\n\n\n\n<p style=\"font-size:1.2em\"><strong><mark style=\"background-color:rgba(0, 0, 0, 0);color:#8b1e3f\" class=\"has-inline-color\">A Catrina como express\u00e3o simb\u00f3lica<\/mark><\/strong><\/p>\n\n\n\n<p>A Catrina, criada originalmente como cr\u00edtica social, representa a igualdade diante da morte e se tornou o maior s\u00edmbolo do Dia dos Mortos. Hoje ela une:<\/p>\n\n\n\n<p>arte,<\/p>\n\n\n\n<p>mem\u00f3ria,<\/p>\n\n\n\n<p>identidade,<\/p>\n\n\n\n<p>resist\u00eancia,<\/p>\n\n\n\n<p>ancestralidade.<\/p>\n\n\n\n<p>Al\u00e9m de ser presen\u00e7a constante no evento da <strong><mark style=\"background-color:rgba(0, 0, 0, 0);color:#8b1e3f\" class=\"has-inline-color\">Art Shine Eventos,<\/mark><\/strong> Samantha j\u00e1 realizou ensaios tem\u00e1ticos como La Catrina, homenageando a personagem com respeito e sensibilidade.<\/p>\n\n\n\n<p>Sua interpreta\u00e7\u00e3o une fotografia, express\u00e3o art\u00edstica e rever\u00eancia \u00e0 cultura mexicana.<\/p>\n\n\n\n<p>Celebrar o passado para iluminar o presente<\/p>\n\n\n\n<p>O Dia dos Mortos ensina que ningu\u00e9m parte completamente: permanecemos nos afetos, nos legados, nas hist\u00f3rias.<br>Os altares simbolizam essa continuidade \u2014 uma ponte entre mundos, entre tempos e entre almas.<\/p>\n\n\n\n<p>Para Samantha, participar desse evento \u00e9 mais do que tradi\u00e7\u00e3o: \u00e9 um momento de aprendizado cultural, conex\u00e3o espiritual e valoriza\u00e7\u00e3o das ra\u00edzes latino-americanas que inspiram seu trabalho e sua arte.<\/p>\n\n\n\n<p>Quero agradecer ao Bruce por autorizar a divulga\u00e7\u00e3o do seu lindo trabalho em nosso Blog, j\u00e1 seguem no instagram, para conhecer mais sobre esse lindo trabalho!<\/p>\n\n\n\n<p><strong><mark style=\"background-color:rgba(0, 0, 0, 0);color:#8b1e3f\" class=\"has-inline-color\">Instagram Bruce &#8211; Dono do Altar<\/mark><\/strong><\/p>\n\n\n\n<p><strong>Artigo desenvolvido pela ag\u00eancia de Marketing Digital em Mogi das Cruzes <a href=\"https:\/\/diamondpublioficial.com.br\/\"><mark style=\"background-color:rgba(0, 0, 0, 0);color:#850d0d\" class=\"has-inline-color\">Diamond Publi Oficial <\/mark><\/a><\/strong><\/p>\n\n\n\n<p><\/p>\n","protected":false},"excerpt":{"rendered":"<p>O Dia dos Mortos \u00e9 uma celebra\u00e7\u00e3o mexicana que ultrapassa o conceito tradicional de luto. \u00c9 um encontro entre mem\u00f3ria, afeto e ancestralidade. No Memorial da Am\u00e9rica Latina, em S\u00e3o Paulo, o evento da Art Shine eventos re\u00fane visitantes todos os anos para vivenciar essa tradi\u00e7\u00e3o por meio de altares, exposi\u00e7\u00f5es e performances que conectam [&hellip;]<\/p>\n","protected":false},"author":1,"featured_media":403,"comment_status":"open","ping_status":"open","sticky":false,"template":"","format":"standard","meta":{"footnotes":""},"categories":[1,7],"tags":[],"class_list":["post-402","post","type-post","status-publish","format-standard","has-post-thumbnail","hentry","category-blog","category-cosplay"],"_links":{"self":[{"href":"https:\/\/projetos.diamondpublioficial.com.br\/sasafuzi\/wp-json\/wp\/v2\/posts\/402","targetHints":{"allow":["GET"]}}],"collection":[{"href":"https:\/\/projetos.diamondpublioficial.com.br\/sasafuzi\/wp-json\/wp\/v2\/posts"}],"about":[{"href":"https:\/\/projetos.diamondpublioficial.com.br\/sasafuzi\/wp-json\/wp\/v2\/types\/post"}],"author":[{"embeddable":true,"href":"https:\/\/projetos.diamondpublioficial.com.br\/sasafuzi\/wp-json\/wp\/v2\/users\/1"}],"replies":[{"embeddable":true,"href":"https:\/\/projetos.diamondpublioficial.com.br\/sasafuzi\/wp-json\/wp\/v2\/comments?post=402"}],"version-history":[{"count":5,"href":"https:\/\/projetos.diamondpublioficial.com.br\/sasafuzi\/wp-json\/wp\/v2\/posts\/402\/revisions"}],"predecessor-version":[{"id":652,"href":"https:\/\/projetos.diamondpublioficial.com.br\/sasafuzi\/wp-json\/wp\/v2\/posts\/402\/revisions\/652"}],"wp:featuredmedia":[{"embeddable":true,"href":"https:\/\/projetos.diamondpublioficial.com.br\/sasafuzi\/wp-json\/wp\/v2\/media\/403"}],"wp:attachment":[{"href":"https:\/\/projetos.diamondpublioficial.com.br\/sasafuzi\/wp-json\/wp\/v2\/media?parent=402"}],"wp:term":[{"taxonomy":"category","embeddable":true,"href":"https:\/\/projetos.diamondpublioficial.com.br\/sasafuzi\/wp-json\/wp\/v2\/categories?post=402"},{"taxonomy":"post_tag","embeddable":true,"href":"https:\/\/projetos.diamondpublioficial.com.br\/sasafuzi\/wp-json\/wp\/v2\/tags?post=402"}],"curies":[{"name":"wp","href":"https:\/\/api.w.org\/{rel}","templated":true}]}}